{"id":457,"date":"2021-05-28T00:50:00","date_gmt":"2021-05-27T22:50:00","guid":{"rendered":"https:\/\/kapucynkiostrow.pl\/?p=457"},"modified":"2021-10-02T22:34:54","modified_gmt":"2021-10-02T20:34:54","slug":"zmarl-ks-krzysztof","status":"publish","type":"post","link":"https:\/\/kapucynkiostrow.pl\/index.php\/2021\/05\/28\/zmarl-ks-krzysztof\/","title":{"rendered":"Zmar\u0142 Ks. Krzysztof"},"content":{"rendered":"\n<div class=\"wp-block-image\"><figure class=\"aligncenter size-large\"><img fetchpriority=\"high\" decoding=\"async\" width=\"500\" height=\"252\" src=\"https:\/\/kapucynkiostrow.pl\/wp-content\/uploads\/2021\/06\/sp-ks-krzysztof-nojman-500.jpg\" alt=\"\" class=\"wp-image-459\" srcset=\"https:\/\/kapucynkiostrow.pl\/wp-content\/uploads\/2021\/06\/sp-ks-krzysztof-nojman-500.jpg 500w, https:\/\/kapucynkiostrow.pl\/wp-content\/uploads\/2021\/06\/sp-ks-krzysztof-nojman-500-300x151.jpg 300w\" sizes=\"(max-width: 500px) 100vw, 500px\" \/><\/figure><\/div>\n\n\n\n<p class=\"has-text-align-center\">&nbsp; <a rel=\"noreferrer noopener\" href=\"https:\/\/konkatedra-ostrowwlkp.pl\/2021\/04\/02\/zyczenia-wielkanoc-2021\/\" target=\"_blank\"><\/a>Z b\u00f3lem i t\u0119sknot\u0105, ale nie bez nadziei zmartwychwstania, zawiadamiamy o \u015bmierci naszego Ksi\u0119dza Proboszcza,<br> Ks. Krzysztofa Nojmana.&nbsp;<br>Staj\u0105c u st\u00f3p Pana prosimy za niego oraz innych, kt\u00f3rzy przeszli ju\u017c<br>na drug\u0105 stron\u0119 \u017cycia:<\/p>\n\n\n\n<p class=\"has-text-align-center\">&#8222;Policz ich mi\u0119dzy \u015bwi\u0119tych Twoich w wiekuistej chwale.<\/p>\n\n\n\n<p class=\"has-text-align-center\"><a rel=\"noreferrer noopener\" href=\"https:\/\/konkatedra-ostrowwlkp.pl\/2021\/04\/14\/zmarl-ks-kan-krzysztof-nojman\/\" target=\"_blank\">Wi\u0119cej informacji &#8211; TU &#8211; na stronie Parafii Konkatedralnej.<\/a><\/p>\n\n\n\n<figure class=\"wp-block-embed is-type-wp-embed is-provider-konkatedra wp-block-embed-konkatedra\"><div class=\"wp-block-embed__wrapper\">\n<blockquote class=\"wp-embedded-content\" data-secret=\"WqLB7rsrPP\"><a href=\"https:\/\/konkatedra-ostrowwlkp.pl\/2021\/04\/17\/uroczystosc-pogrzebowa-ks-kan-krzysztofa-nojmana\/\">Uroczysto\u015b\u0107 pogrzebowa ks. kan. Krzysztofa Nojmana<\/a><\/blockquote><iframe class=\"wp-embedded-content\" sandbox=\"allow-scripts\" security=\"restricted\" style=\"position: absolute; visibility: hidden;\" title=\"&#8222;Uroczysto\u015b\u0107 pogrzebowa ks. kan. Krzysztofa Nojmana&#8221; &#8212; Parafia Konkatedralna \u015awi\u0119tego Stanis\u0142awa Biskupa M\u0119czennika w Ostrowie Wielkopolskim\" src=\"https:\/\/konkatedra-ostrowwlkp.pl\/2021\/04\/17\/uroczystosc-pogrzebowa-ks-kan-krzysztofa-nojmana\/embed\/#?secret=O3pDtXu7TE#?secret=WqLB7rsrPP\" data-secret=\"WqLB7rsrPP\" width=\"500\" height=\"282\" frameborder=\"0\" marginwidth=\"0\" marginheight=\"0\" scrolling=\"no\"><\/iframe>\n<\/div><\/figure>\n\n\n\n<figure class=\"wp-block-embed is-type-video is-provider-youtube wp-block-embed-youtube wp-embed-aspect-16-9 wp-has-aspect-ratio\"><div class=\"wp-block-embed__wrapper\">\nhttps:\/\/www.youtube.com\/watch?v=EWyMsIWUOHc&#038;t=1s\n<\/div><\/figure>\n\n\n\n<p class=\"has-text-align-center\">Ufamy, \u017ce ukoronowany ju\u017c prawdziw\u0105 koron\u0105 chwa\u0142y \u015bpiewa hymny przed tronem Najwy\u017cszego!<\/p>\n\n\n\n<figure class=\"wp-block-embed is-type-video is-provider-youtube wp-block-embed-youtube wp-embed-aspect-16-9 wp-has-aspect-ratio\"><div class=\"wp-block-embed__wrapper\">\n<iframe title=\"?Marcowe wieczory ze \u015bw. J\u00f3zefem? -  Akatyst ku czci \u015bw. J\u00f3zefa, Oblubie\u0144ca Bogarodzicy\" width=\"500\" height=\"281\" src=\"https:\/\/www.youtube.com\/embed\/gvJpn6RjjS0?feature=oembed\" frameborder=\"0\" allow=\"accelerometer; autoplay; clipboard-write; encrypted-media; gyroscope; picture-in-picture; web-share\" referrerpolicy=\"strict-origin-when-cross-origin\" allowfullscreen><\/iframe>\n<\/div><\/figure>\n","protected":false},"excerpt":{"rendered":"<p>&nbsp; Z b\u00f3lem i t\u0119sknot\u0105, ale nie bez nadziei zmartwychwstania, zawiadamiamy o \u015bmierci naszego Ksi\u0119dza Proboszcza, Ks. Krzysztofa Nojmana.&nbsp;Staj\u0105c u [&hellip;]<\/p>\n","protected":false},"author":1,"featured_media":0,"comment_status":"closed","ping_status":"open","sticky":false,"template":"","format":"standard","meta":{"_monsterinsights_skip_tracking":false,"_monsterinsights_sitenote_active":false,"_monsterinsights_sitenote_note":"","_monsterinsights_sitenote_category":0,"site-sidebar-layout":"default","site-content-layout":"","ast-site-content-layout":"default","site-content-style":"default","site-sidebar-style":"default","ast-global-header-display":"","ast-banner-title-visibility":"","ast-main-header-display":"","ast-hfb-above-header-display":"","ast-hfb-below-header-display":"","ast-hfb-mobile-header-display":"","site-post-title":"","ast-breadcrumbs-content":"","ast-featured-img":"","footer-sml-layout":"","ast-disable-related-posts":"","theme-transparent-header-meta":"","adv-header-id-meta":"","stick-header-meta":"","header-above-stick-meta":"","header-main-stick-meta":"","header-below-stick-meta":"","astra-migrate-meta-layouts":"default","ast-page-background-enabled":"default","ast-page-background-meta":{"desktop":{"background-color":"var(--ast-global-color-5)","background-image":"","background-repeat":"repeat","background-position":"center center","background-size":"auto","background-attachment":"scroll","background-type":"","background-media":"","overlay-type":"","overlay-color":"","overlay-opacity":"","overlay-gradient":""},"tablet":{"background-color":"","background-image":"","background-repeat":"repeat","background-position":"center center","background-size":"auto","background-attachment":"scroll","background-type":"","background-media":"","overlay-type":"","overlay-color":"","overlay-opacity":"","overlay-gradient":""},"mobile":{"background-color":"","background-image":"","background-repeat":"repeat","background-position":"center center","background-size":"auto","background-attachment":"scroll","background-type":"","background-media":"","overlay-type":"","overlay-color":"","overlay-opacity":"","overlay-gradient":""}},"ast-content-background-meta":{"desktop":{"background-color":"var(--ast-global-color-4)","background-image":"","background-repeat":"repeat","background-position":"center center","background-size":"auto","background-attachment":"scroll","background-type":"","background-media":"","overlay-type":"","overlay-color":"","overlay-opacity":"","overlay-gradient":""},"tablet":{"background-color":"var(--ast-global-color-4)","background-image":"","background-repeat":"repeat","background-position":"center center","background-size":"auto","background-attachment":"scroll","background-type":"","background-media":"","overlay-type":"","overlay-color":"","overlay-opacity":"","overlay-gradient":""},"mobile":{"background-color":"var(--ast-global-color-4)","background-image":"","background-repeat":"repeat","background-position":"center center","background-size":"auto","background-attachment":"scroll","background-type":"","background-media":"","overlay-type":"","overlay-color":"","overlay-opacity":"","overlay-gradient":""}},"ngg_post_thumbnail":0,"footnotes":""},"categories":[1,2],"tags":[],"class_list":["post-457","post","type-post","status-publish","format-standard","hentry","category-bez-kategorii","category-wiadomosci"],"_links":{"self":[{"href":"https:\/\/kapucynkiostrow.pl\/index.php\/wp-json\/wp\/v2\/posts\/457","targetHints":{"allow":["GET"]}}],"collection":[{"href":"https:\/\/kapucynkiostrow.pl\/index.php\/wp-json\/wp\/v2\/posts"}],"about":[{"href":"https:\/\/kapucynkiostrow.pl\/index.php\/wp-json\/wp\/v2\/types\/post"}],"author":[{"embeddable":true,"href":"https:\/\/kapucynkiostrow.pl\/index.php\/wp-json\/wp\/v2\/users\/1"}],"replies":[{"embeddable":true,"href":"https:\/\/kapucynkiostrow.pl\/index.php\/wp-json\/wp\/v2\/comments?post=457"}],"version-history":[{"count":6,"href":"https:\/\/kapucynkiostrow.pl\/index.php\/wp-json\/wp\/v2\/posts\/457\/revisions"}],"predecessor-version":[{"id":1348,"href":"https:\/\/kapucynkiostrow.pl\/index.php\/wp-json\/wp\/v2\/posts\/457\/revisions\/1348"}],"wp:attachment":[{"href":"https:\/\/kapucynkiostrow.pl\/index.php\/wp-json\/wp\/v2\/media?parent=457"}],"wp:term":[{"taxonomy":"category","embeddable":true,"href":"https:\/\/kapucynkiostrow.pl\/index.php\/wp-json\/wp\/v2\/categories?post=457"},{"taxonomy":"post_tag","embeddable":true,"href":"https:\/\/kapucynkiostrow.pl\/index.php\/wp-json\/wp\/v2\/tags?post=457"}],"curies":[{"name":"wp","href":"https:\/\/api.w.org\/{rel}","templated":true}]}}