{"id":3198,"date":"2025-12-29T10:58:22","date_gmt":"2025-12-29T09:58:22","guid":{"rendered":"https:\/\/kapucynkiostrow.pl\/?p=3198"},"modified":"2026-01-01T21:03:52","modified_gmt":"2026-01-01T20:03:52","slug":"nowy-rok-2026","status":"publish","type":"post","link":"https:\/\/kapucynkiostrow.pl\/index.php\/2025\/12\/29\/nowy-rok-2026\/","title":{"rendered":"Nowy Rok 2026"},"content":{"rendered":"\n<figure class=\"wp-block-image aligncenter size-full\"><img fetchpriority=\"high\" decoding=\"async\" width=\"600\" height=\"326\" src=\"https:\/\/kapucynkiostrow.pl\/wp-content\/uploads\/2025\/12\/2026-01-01_bn.vat_.jpg\" alt=\"\" class=\"wp-image-3210\" srcset=\"https:\/\/kapucynkiostrow.pl\/wp-content\/uploads\/2025\/12\/2026-01-01_bn.vat_.jpg 600w, https:\/\/kapucynkiostrow.pl\/wp-content\/uploads\/2025\/12\/2026-01-01_bn.vat_-300x163.jpg 300w\" sizes=\"(max-width: 600px) 100vw, 600px\" \/><\/figure>\n\n\n\n<p class=\"has-text-align-center\">Nowy Rok to Uroczysto\u015b\u0107 \u015awi\u0119tej Bo\u017cej Rodzicielki Maryi.<br>Zapraszamy do wsp\u00f3lnego uczczenia Jej \u015bwi\u0119ta!<br>Ju\u017c o p\u00f3\u0142nocy Msza \u015bw. ku Jej czci!<br>Poranna Msza \u015bw. o 8-mej.<\/p>\n\n\n\n<figure class=\"wp-block-image aligncenter size-full\"><img decoding=\"async\" width=\"600\" height=\"194\" src=\"https:\/\/kapucynkiostrow.pl\/wp-content\/uploads\/2025\/12\/baba2.vat_.2025.jpeg\" alt=\"\" class=\"wp-image-3205\" srcset=\"https:\/\/kapucynkiostrow.pl\/wp-content\/uploads\/2025\/12\/baba2.vat_.2025.jpeg 600w, https:\/\/kapucynkiostrow.pl\/wp-content\/uploads\/2025\/12\/baba2.vat_.2025-300x97.jpeg 300w\" sizes=\"(max-width: 600px) 100vw, 600px\" \/><\/figure>\n\n\n\n<p class=\"has-text-align-center\"><a href=\"https:\/\/www.vatican.va\/content\/leo-xiv\/pl\/messages\/peace\/documents\/20251208-messaggio-pace.html\" target=\"_blank\" rel=\"noreferrer noopener\">OR\u0118DZIE JEGO \u015aWI\u0104TOBLIWO\u015aCI LEONA XIV<br>NA 59. \u015aWIATOWY DZIE\u0143 POKOJU<br>1 STYCZNIA 2026 R.<\/a><\/p>\n\n\n\n<div data-wp-interactive=\"core\/file\" class=\"wp-block-file\"><object data-wp-bind--hidden=\"!state.hasPdfPreview\" hidden class=\"wp-block-file__embed\" data=\"https:\/\/kapucynkiostrow.pl\/wp-content\/uploads\/2025\/12\/20251208-messaggio-pace_pl.pdf\" type=\"application\/pdf\" style=\"width:100%;height:600px\" aria-label=\"Osadzone z 20251208-messaggio-pace_pl.\"><\/object><a id=\"wp-block-file--media-711a6090-92ef-4b43-9553-118061e59341\" href=\"https:\/\/kapucynkiostrow.pl\/wp-content\/uploads\/2025\/12\/20251208-messaggio-pace_pl.pdf\">20251208-messaggio-pace_pl<\/a><a href=\"https:\/\/kapucynkiostrow.pl\/wp-content\/uploads\/2025\/12\/20251208-messaggio-pace_pl.pdf\" class=\"wp-block-file__button wp-element-button\" download aria-describedby=\"wp-block-file--media-711a6090-92ef-4b43-9553-118061e59341\">Pobierz<\/a><\/div>\n\n\n\n<p><\/p>\n\n\n\n<figure class=\"wp-block-embed is-type-video is-provider-youtube wp-block-embed-youtube wp-embed-aspect-16-9 wp-has-aspect-ratio\"><div class=\"wp-block-embed__wrapper\">\n<iframe title=\"Homilia Ojca \u015awi\u0119tego Leona XIV w Uroczysto\u015b\u0107 Naj\u015bwi\u0119tszej Bo\u017cej Rodzicielki Maryi w Watykanie\" width=\"500\" height=\"281\" src=\"https:\/\/www.youtube.com\/embed\/AEKxOlaoSmg?start=1&#038;feature=oembed\" frameborder=\"0\" allow=\"accelerometer; autoplay; clipboard-write; encrypted-media; gyroscope; picture-in-picture; web-share\" referrerpolicy=\"strict-origin-when-cross-origin\" allowfullscreen><\/iframe>\n<\/div><\/figure>\n\n\n\n\n\n<p class=\"has-text-align-center\"><strong><em>Drodzy Bracia i Siostry!<\/em><\/strong><\/p>\n\n\n\n<p class=\"has-text-align-center\">Dzisiaj, w uroczysto\u015b\u0107 \u015awi\u0119tej Bo\u017cej Rodzicielki Maryi, na pocz\u0105tku nowego roku kalendarzowego, liturgia proponuje nam tekst pi\u0119knej modlitwy b\u0142ogos\u0142awie\u0144stwa: ?Niech ci\u0119 Pan b\u0142ogos\u0142awi i strze\u017ce. Niech Pan rozpromieni oblicze swe nad tob\u0105, niech ci\u0119 obdarzy sw\u0105 \u0142ask\u0105. Niech Pan zwr\u00f3ci ku tobie oblicze swoje i niech ci\u0119 obdarzy pokojem? (Lb 6, 24-26).<\/p>\n\n\n\n<p class=\"has-text-align-center\">W Ksi\u0119dze Liczb nast\u0119puje ona po wskaz\u00f3wkach dotycz\u0105cych po\u015bwi\u0119cenia nazirejczyk\u00f3w, aby podkre\u015bli\u0107 \u015bwi\u0119ty i p\u0142odny wymiar daru w relacji mi\u0119dzy Bogiem a ludem Izraela. Cz\u0142owiek ofiarowuje Stw\u00f3rcy wszystko, co otrzyma\u0142, a Ten odpowiada, spogl\u0105daj\u0105c na niego \u0142askawym okiem, podobnie jak na pocz\u0105tku \u015bwiata (por. Rdz 1, 31).<\/p>\n\n\n\n<p class=\"has-text-align-center\">Zreszt\u0105, lud Izraela, do kt\u00f3rego skierowane by\u0142o to b\u0142ogos\u0142awie\u0144stwo, by\u0142 ludem wyzwolonych, m\u0119\u017cczyzn i kobiet odrodzonych po d\u0142ugiej niewoli dzi\u0119ki interwencji Boga <br>i wielkodusznej odpowiedzi Jego s\u0142ugi Moj\u017cesza. By\u0142 to lud, kt\u00f3ry w Egipcie cieszy\u0142 si\u0119 pewnymi zabezpieczeniami ? nie brakowa\u0142o mu po\u017cywienia, dachu nad g\u0142ow\u0105 i okre\u015blonej stabilno\u015bci ? ale kosztem niewoli, ucisku tyranii, kt\u00f3ra wymaga\u0142a coraz wi\u0119cej, daj\u0105c coraz mniej (por. Wj 5, 6-7).<\/p>\n\n\n\n<p class=\"has-text-align-center\">Teraz, na pustyni, wiele z dawnych pewnik\u00f3w zosta\u0142o utraconych, ale w zamian pojawi\u0142a si\u0119 wolno\u015b\u0107, kt\u00f3ra urzeczywistnia\u0142a si\u0119 w otwartej drodze ku przysz\u0142o\u015bci, w darze prawa m\u0105dro\u015bci i w obietnicy ziemi, na kt\u00f3rej mo\u017cna \u017cy\u0107 i rozwija\u0107 si\u0119 bez kajdan i \u0142a\u0144cuch\u00f3w: kr\u00f3tko m\u00f3wi\u0105c ? w odrodzeniu. Tak wi\u0119c, na pocz\u0105tku nowego roku, liturgia przypomina nam, \u017ce ka\u017cdy dzie\u0144 mo\u017ce by\u0107 dla ka\u017cdego z nas pocz\u0105tkiem nowego \u017cycia dzi\u0119ki hojnej mi\u0142o\u015bci Boga, Jego mi\u0142osierdziu i naszej wolnej odpowiedzi. Pi\u0119knie jest w taki spos\u00f3b my\u015ble\u0107 o rozpoczynaj\u0105cym si\u0119 roku: jako o otwartej drodze, do odkrycia, na kt\u00f3r\u0105 o\u015bmielamy si\u0119 wej\u015b\u0107 dzi\u0119ki \u0142asce ? jako ludzie wolni i nios\u0105cy wolno\u015b\u0107, jako ci, kt\u00f3rym przebaczono i kt\u00f3rzy udzielaj\u0105 przebaczenia, ufni w blisko\u015b\u0107 i dobro\u0107 Pana, kt\u00f3ry zawsze nam towarzyszy.<\/p>\n\n\n\n<figure class=\"wp-block-image aligncenter size-full\" id=\"block-1a9fef6a-d1f4-49de-8eb3-2248706fc55c\"><img decoding=\"async\" width=\"600\" height=\"290\" src=\"https:\/\/kapucynkiostrow.pl\/wp-content\/uploads\/2025\/12\/mammy.vat_.speranza.2025.jpeg\" alt=\"\" class=\"wp-image-3204\" srcset=\"https:\/\/kapucynkiostrow.pl\/wp-content\/uploads\/2025\/12\/mammy.vat_.speranza.2025.jpeg 600w, https:\/\/kapucynkiostrow.pl\/wp-content\/uploads\/2025\/12\/mammy.vat_.speranza.2025-300x145.jpeg 300w\" sizes=\"(max-width: 600px) 100vw, 600px\" \/><\/figure>\n\n\n\n<p class=\"has-text-align-center\">Wspominamy to wszystko, obchodz\u0105c tajemnic\u0119 Bo\u017cego Macierzy\u0144stwa Maryi, kt\u00f3ra swoim ?tak? przyczyni\u0142a si\u0119 do tego, \u017ce \u0179r\u00f3d\u0142o wszelkiego mi\u0142osierdzia i dobroci otrzyma\u0142o ludzkie oblicze: oblicze Jezusa, poprzez kt\u00f3rego oczy ? najpierw dziecka, potem m\u0142odzie\u0144ca <br>i wreszcie m\u0119\u017cczyzny ? mi\u0142o\u015b\u0107 Ojca dociera do nas i nas przemienia.<\/p>\n\n\n\n<p class=\"has-text-align-center\">Zatem, wraz z pocz\u0105tkiem roku, gdy wyruszamy w drog\u0119 ku nowym i wyj\u0105tkowym dniom, jakie nas czekaj\u0105, pro\u015bmy Pana, aby\u015bmy w ka\u017cdej chwili odczuwali wok\u00f3\u0142 siebie i nad sob\u0105 ciep\u0142o Jego ojcowskiego obj\u0119cia i \u015bwiat\u0142o Jego b\u0142ogos\u0142awi\u0105cego spojrzenia, aby\u015bmy coraz lepiej rozumieli i mieli stale na uwadze, kim jeste\u015bmy i ku jakiemu cudownemu przeznaczeniu zmierzamy (por. Sob\u00f3r Wat. II, Konst. duszp. Gaudium et spes, 41). Jednocze\u015bnie jednak, my r\u00f3wnie\u017c oddajmy Mu chwa\u0142\u0119 poprzez modlitw\u0119, \u015bwi\u0119to\u015b\u0107 \u017cycia <br>i staj\u0105c si\u0119 dla siebie nawzajem odbiciem Jego dobroci.<\/p>\n\n\n\n<p class=\"has-text-align-center\">\u015aw. Augustyn naucza\u0142, \u017ce w Maryi ?Stw\u00f3rca cz\u0142owieka sta\u0142 si\u0119 cz\u0142owiekiem: aby, b\u0119d\u0105c panem gwiazd, m\u00f3g\u0142 ssa\u0107 mleko z piersi niewiasty; aby, b\u0119d\u0105c chlebem (por. J 6, 35), m\u00f3g\u0142 odczuwa\u0107 g\u0142\u00f3d (por. Mt 4, 2); [?] aby nas wyzwoli\u0107, mimo \u017ce byli\u015bmy niegodni? (Sermo 191, 1.1)1. Przypomina\u0142 w ten spos\u00f3b jedn\u0105 z podstawowych cech oblicza Boga: ca\u0142kowit\u0105 bezinteresowno\u015b\u0107 Jego mi\u0142o\u015bci, dzi\u0119ki kt\u00f3rej objawia si\u0119 nam ? jak chcia\u0142em podkre\u015bli\u0107 <br>w Or\u0119dziu z okazji \u015awiatowego Dnia Pokoju ? ?nieuzbrojony i rozbrajaj\u0105cy?, nagi, bezbronny jak niemowl\u0119 w ko\u0142ysce. A to wszystko po to, aby nauczy\u0107 nas, \u017ce \u015bwiata nie zbawia si\u0119 ostrz\u0105c miecze, os\u0105dzaj\u0105c, uciskaj\u0105c lub eliminuj\u0105c braci, ale raczej niestrudzenie staraj\u0105c si\u0119 rozumie\u0107, przebacza\u0107, wyzwala\u0107 i przyjmowa\u0107 wszystkich, bez kalkulacji i bez strachu. To jest oblicze Boga ? Maryja pozwoli\u0142a, aby ukszta\u0142towa\u0142o ono si\u0119 i wzros\u0142o w Jej \u0142onie, ca\u0142kowicie zmieniaj\u0105c Jej \u017cycie. Jest to oblicze, kt\u00f3re og\u0142osi\u0142a poprzez radosne <br>i delikatne \u015bwiat\u0142o swoich oczu oczekuj\u0105cej mamy; oblicze, kt\u00f3rego pi\u0119kno kontemplowa\u0142a dzie\u0144 po dniu, gdy Jezus dorasta\u0142 jako dziecko, ch\u0142opiec i m\u0142odzieniec w jej domu; <br>a nast\u0119pnie pod\u0105\u017ca\u0142a za Nim swoim sercem pokornej uczennicy, gdy przemierza\u0142 \u015bcie\u017cki swej misji, a\u017c do krzy\u017ca i zmartwychwstania. Aby to zrobi\u0107, Ona r\u00f3wnie\u017c otworzy\u0142a si\u0119 <br>w pe\u0142ni, porzucaj\u0105c oczekiwania, roszczenia i gwarancje, tak jak potrafi\u0105 to czyni\u0107 matki, bez zastrze\u017ce\u0144 po\u015bwi\u0119caj\u0105c swoje \u017cycie Synowi, kt\u00f3rego otrzyma\u0142a dzi\u0119ki \u0142asce, aby z kolei ponownie ofiarowa\u0107 Go \u015bwiatu.<\/p>\n\n\n\n<p class=\"has-text-align-center\">W Bo\u017cym Macierzy\u0144stwie Maryi widzimy zatem spotkanie dw\u00f3ch ogromnych ?nieuzbrojonych? rzeczywisto\u015bci: Boga, kt\u00f3ry rezygnuje z wszelkich przywilej\u00f3w swojej bosko\u015bci, aby narodzi\u0107 si\u0119 wed\u0142ug cia\u0142a (por. Flp 2, 6-11), oraz rzeczywisto\u015bci osoby, kt\u00f3ra <br>z ufno\u015bci\u0105 ca\u0142kowicie przyjmuje Jego wol\u0119, oddaj\u0105c Mu ho\u0142d w doskona\u0142ym akcie mi\u0142o\u015bci, swoj\u0105 najwi\u0119ksz\u0105 moc\u0105, jak\u0105 jest wolno\u015b\u0107. Rozwa\u017caj\u0105c t\u0119 tajemnic\u0119, \u015bw. Jan Pawe\u0142 II zach\u0119ca\u0142 do spojrzenia na to, co pasterze znale\u017ali w Betlejem: ?rozbrajaj\u0105ca \u0142agodno\u015b\u0107 Dzieci\u0105tka, zdumiewaj\u0105ce ub\u00f3stwo, jakim jest otoczone, pokorna prostota Maryi i J\u00f3zefa? przemieni\u0142y ich \u017cycie, czyni\u0105c ich ?zwiastunami zbawienia?. Powiedzia\u0142 to na zako\u0144czenie Wielkiego Jubileuszu Roku 2000, u\u017cywaj\u0105c s\u0142\u00f3w, kt\u00f3re mog\u0105 sk\u0142oni\u0107 r\u00f3wnie\u017c nas do refleksji: ?Ile\u017c dar\u00f3w ? m\u00f3wi\u0142 ? ile\u017c niezwyk\u0142ych sposobno\u015bci przyni\u00f3s\u0142 wierz\u0105cym Wielki Jubileusz! Przebaczenie otrzymane i ofiarowane, wspomnienie m\u0119czennik\u00f3w, wra\u017cliwo\u015b\u0107 na wo\u0142anie ubogich \u015bwiata [?] ? w tym wszystkim my tak\u017ce dostrzegli\u015bmy zbawcz\u0105 obecno\u015b\u0107 Boga w dziejach. Mogli\u015bmy niejako dotkn\u0105\u0107 r\u0119k\u0105 Jego mi\u0142o\u015bci, kt\u00f3ra odnawia oblicze ziemi?, a nast\u0119pnie stwierdzi\u0142: ?Podobnie jak do pasterzy zgromadzonych, aby z\u0142o\u017cy\u0107 Mu ho\u0142d, Chrystus zwraca si\u0119 do wierz\u0105cych, kt\u00f3rych obdarzy\u0142 rado\u015bci\u0105 spotkania <br>z Nim, aby byli gotowi wyruszy\u0107 odwa\u017cnie i g\u0142osi\u0107 Jego Ewangeli\u0119, odwieczn\u0105 i zawsze now\u0105. Posy\u0142a ich, aby o\u017cywiali histori\u0119 i ludzkie kultury Jego zbawczym or\u0119dziem?.<\/p>\n\n\n\n<figure class=\"wp-block-image aligncenter size-full\"><img loading=\"lazy\" decoding=\"async\" width=\"600\" height=\"358\" src=\"https:\/\/kapucynkiostrow.pl\/wp-content\/uploads\/2025\/12\/bn3.vat_.2026.jpeg\" alt=\"\" class=\"wp-image-3215\" srcset=\"https:\/\/kapucynkiostrow.pl\/wp-content\/uploads\/2025\/12\/bn3.vat_.2026.jpeg 600w, https:\/\/kapucynkiostrow.pl\/wp-content\/uploads\/2025\/12\/bn3.vat_.2026-300x179.jpeg 300w\" sizes=\"(max-width: 600px) 100vw, 600px\" \/><\/figure>\n\n\n\n<p class=\"has-text-align-center\">Drodzy bracia i siostry, w to uroczyste \u015bwi\u0119to, na pocz\u0105tku nowego roku, w zwi\u0105zku ze zbli\u017caj\u0105cym si\u0119 zako\u0144czeniem Jubileuszu Nadziei, przybli\u017cmy si\u0119 w wierze do \u017b\u0142\u00f3bka, jako miejsca pokoju ?nieuzbrojonego i rozbrajaj\u0105cego? par excellence, miejsca b\u0142ogos\u0142awie\u0144stwa, gdzie wspominamy cuda, jakich Pan dokona\u0142 w historii zbawienia<br> i w naszym \u017cyciu, aby nast\u0119pnie wyruszy\u0107 na nowo, jako pokorni \u015bwiadkowie groty, ?wielbi\u0105c  i wys\u0142awiaj\u0105c Boga? (\u0141k 2, 20) za wszystko, co zobaczyli\u015bmy i s\u0142yszeli\u015bmy. <br>Niech to b\u0119dzie naszym zobowi\u0105zaniem, naszym postanowieniem na nadchodz\u0105ce miesi\u0105ce i na zawsze na nasze chrze\u015bcija\u0144skie \u017cycie.<\/p>\n\n\n\n<p><strong>T\u0142umaczenie: Radio Watyka\u0144skie<\/strong><\/p>\n\n\n\n<figure class=\"wp-block-image aligncenter size-full\"><img loading=\"lazy\" decoding=\"async\" width=\"600\" height=\"294\" src=\"https:\/\/kapucynkiostrow.pl\/wp-content\/uploads\/2023\/12\/gwiazdka.sniegu.webp\" alt=\"\" class=\"wp-image-2356\" srcset=\"https:\/\/kapucynkiostrow.pl\/wp-content\/uploads\/2023\/12\/gwiazdka.sniegu.webp 600w, https:\/\/kapucynkiostrow.pl\/wp-content\/uploads\/2023\/12\/gwiazdka.sniegu-300x147.webp 300w\" sizes=\"(max-width: 600px) 100vw, 600px\" \/><\/figure>\n\n\n\n<p><\/p>\n","protected":false},"excerpt":{"rendered":"<p>Nowy Rok to Uroczysto\u015b\u0107 \u015awi\u0119tej Bo\u017cej Rodzicielki Maryi.<br \/>\nZapraszamy do wsp\u00f3lnego uczczenia Jej \u015bwi\u0119ta!<br \/>\nJu\u017c o p\u00f3\u0142nocy Msza \u015bw. ku Jej czci!<br \/>\nPoranna Msza \u015bw. o 8-mej.<\/p>\n","protected":false},"author":1,"featured_media":3209,"comment_status":"closed","ping_status":"open","sticky":false,"template":"","format":"standard","meta":{"_monsterinsights_skip_tracking":false,"_monsterinsights_sitenote_active":false,"_monsterinsights_sitenote_note":"","_monsterinsights_sitenote_category":0,"site-sidebar-layout":"default","site-content-layout":"","ast-site-content-layout":"default","site-content-style":"default","site-sidebar-style":"default","ast-global-header-display":"","ast-banner-title-visibility":"","ast-main-header-display":"","ast-hfb-above-header-display":"","ast-hfb-below-header-display":"","ast-hfb-mobile-header-display":"","site-post-title":"","ast-breadcrumbs-content":"","ast-featured-img":"","footer-sml-layout":"","ast-disable-related-posts":"","theme-transparent-header-meta":"","adv-header-id-meta":"","stick-header-meta":"","header-above-stick-meta":"","header-main-stick-meta":"","header-below-stick-meta":"","astra-migrate-meta-layouts":"default","ast-page-background-enabled":"default","ast-page-background-meta":{"desktop":{"background-color":"var(--ast-global-color-5)","background-image":"","background-repeat":"repeat","background-position":"center center","background-size":"auto","background-attachment":"scroll","background-type":"","background-media":"","overlay-type":"","overlay-color":"","overlay-opacity":"","overlay-gradient":""},"tablet":{"background-color":"","background-image":"","background-repeat":"repeat","background-position":"center center","background-size":"auto","background-attachment":"scroll","background-type":"","background-media":"","overlay-type":"","overlay-color":"","overlay-opacity":"","overlay-gradient":""},"mobile":{"background-color":"","background-image":"","background-repeat":"repeat","background-position":"center center","background-size":"auto","background-attachment":"scroll","background-type":"","background-media":"","overlay-type":"","overlay-color":"","overlay-opacity":"","overlay-gradient":""}},"ast-content-background-meta":{"desktop":{"background-color":"var(--ast-global-color-4)","background-image":"","background-repeat":"repeat","background-position":"center center","background-size":"auto","background-attachment":"scroll","background-type":"","background-media":"","overlay-type":"","overlay-color":"","overlay-opacity":"","overlay-gradient":""},"tablet":{"background-color":"var(--ast-global-color-4)","background-image":"","background-repeat":"repeat","background-position":"center center","background-size":"auto","background-attachment":"scroll","background-type":"","background-media":"","overlay-type":"","overlay-color":"","overlay-opacity":"","overlay-gradient":""},"mobile":{"background-color":"var(--ast-global-color-4)","background-image":"","background-repeat":"repeat","background-position":"center center","background-size":"auto","background-attachment":"scroll","background-type":"","background-media":"","overlay-type":"","overlay-color":"","overlay-opacity":"","overlay-gradient":""}},"ngg_post_thumbnail":0,"footnotes":""},"categories":[1],"tags":[],"class_list":["post-3198","post","type-post","status-publish","format-standard","has-post-thumbnail","hentry","category-bez-kategorii"],"_links":{"self":[{"href":"https:\/\/kapucynkiostrow.pl\/index.php\/wp-json\/wp\/v2\/posts\/3198","targetHints":{"allow":["GET"]}}],"collection":[{"href":"https:\/\/kapucynkiostrow.pl\/index.php\/wp-json\/wp\/v2\/posts"}],"about":[{"href":"https:\/\/kapucynkiostrow.pl\/index.php\/wp-json\/wp\/v2\/types\/post"}],"author":[{"embeddable":true,"href":"https:\/\/kapucynkiostrow.pl\/index.php\/wp-json\/wp\/v2\/users\/1"}],"replies":[{"embeddable":true,"href":"https:\/\/kapucynkiostrow.pl\/index.php\/wp-json\/wp\/v2\/comments?post=3198"}],"version-history":[{"count":5,"href":"https:\/\/kapucynkiostrow.pl\/index.php\/wp-json\/wp\/v2\/posts\/3198\/revisions"}],"predecessor-version":[{"id":3216,"href":"https:\/\/kapucynkiostrow.pl\/index.php\/wp-json\/wp\/v2\/posts\/3198\/revisions\/3216"}],"wp:featuredmedia":[{"embeddable":true,"href":"https:\/\/kapucynkiostrow.pl\/index.php\/wp-json\/wp\/v2\/media\/3209"}],"wp:attachment":[{"href":"https:\/\/kapucynkiostrow.pl\/index.php\/wp-json\/wp\/v2\/media?parent=3198"}],"wp:term":[{"taxonomy":"category","embeddable":true,"href":"https:\/\/kapucynkiostrow.pl\/index.php\/wp-json\/wp\/v2\/categories?post=3198"},{"taxonomy":"post_tag","embeddable":true,"href":"https:\/\/kapucynkiostrow.pl\/index.php\/wp-json\/wp\/v2\/tags?post=3198"}],"curies":[{"name":"wp","href":"https:\/\/api.w.org\/{rel}","templated":true}]}}