{"id":1718,"date":"2023-06-16T23:22:16","date_gmt":"2023-06-16T21:22:16","guid":{"rendered":"https:\/\/kapucynkiostrow.pl\/?p=1718"},"modified":"2024-01-03T11:17:09","modified_gmt":"2024-01-03T10:17:09","slug":"uroczyste-oddanie-ludzkosci-niepokalanemu-sercu-maryi","status":"publish","type":"post","link":"https:\/\/kapucynkiostrow.pl\/index.php\/2023\/06\/16\/uroczyste-oddanie-ludzkosci-niepokalanemu-sercu-maryi\/","title":{"rendered":"Uroczyste oddanie ludzko\u015bci Niepokalanemu Sercu Maryi"},"content":{"rendered":"\n<p class=\"has-text-align-center\"><strong>17 czerwca 2023 we Wspomnienie Niepokalanego Serca Maryi,<\/strong><br><strong>zostanie ponowiony Akt ODDANIA <\/strong><br>Niepokalanemu Sercu Maryi ludzko\u015bci, <br>a zw\u0142aszcza Rosji i Ukrainy.<br>Ze swej strony zach\u0119camy do cz\u0119stszego ponawiania tego Aktu<br>i zach\u0119cania innych, zw\u0142aszcza Ukrai\u0144c\u00f3w i Rosjan, by go ponawiali.<br>Poni\u017cej s\u0105 dost\u0119pne trzy wersje j\u0119zykowe.<br><a rel=\"noreferrer noopener\" href=\"https:\/\/www.vatican.va\/content\/francesco\/it\/prayers\/documents\/20220325-atto-consacrazione-cuoredimaria.html\" target=\"_blank\">Inne j\u0119zyki na stronie watyka\u0144skiej.<\/a><br>U g\u00f3ry nale\u017cy wybra\u0107 po\u017c\u0105dany j\u0119zyk&#8230;<\/p>\n\n\n\n<figure class=\"wp-block-image aligncenter size-full\"><img fetchpriority=\"high\" decoding=\"async\" width=\"600\" height=\"300\" src=\"https:\/\/kapucynkiostrow.pl\/wp-content\/uploads\/2022\/03\/MBF.jpg\" alt=\"\" class=\"wp-image-1722\" srcset=\"https:\/\/kapucynkiostrow.pl\/wp-content\/uploads\/2022\/03\/MBF.jpg 600w, https:\/\/kapucynkiostrow.pl\/wp-content\/uploads\/2022\/03\/MBF-300x150.jpg 300w\" sizes=\"(max-width: 600px) 100vw, 600px\" \/><figcaption class=\"wp-element-caption\">Naj\u015bwi\u0119tsza Maryja Panna R\u00f3\u017ca\u0144cowa z Fatimy<\/figcaption><\/figure>\n\n\n\n<p class=\"has-text-align-center\">Ju\u017c w najbli\u017cszy pi\u0105tek <br>w Uroczysto\u015b\u0107 Zwiastowania Pa\u0144skiego o 17-tej<br> UROCZYSTE ODDANIE Niepokalanemu Sercu Maryi ludzko\u015bci, <br>a zw\u0142aszcza Rosji i Ukrainy.<br> Jeste\u015bmy wszyscy zaproszeni do wsp\u00f3\u0142uczestnictwa <br>w tym wielkim wydarzeniu!<br>Poni\u017cej list do Biskup\u00f3w, a pod obrazkiem, <br>przygotowany specjalnie na t\u0119 okoliczno\u015b\u0107 <br>tekst zawierzenia<br><\/p>\n\n\n\n<div data-wp-interactive=\"core\/file\" class=\"wp-block-file\"><object data-wp-bind--hidden=\"!state.hasPdfPreview\" hidden class=\"wp-block-file__embed\" data=\"https:\/\/kapucynkiostrow.pl\/wp-content\/uploads\/2022\/03\/List-do-Biskupow.pdf\" type=\"application\/pdf\" style=\"width:100%;height:200px\" aria-label=\"Osadzone z List-do-Biskupow.\"><\/object><a id=\"wp-block-file--media-4feaf028-613f-44de-89c6-a6b974286b2e\" href=\"https:\/\/kapucynkiostrow.pl\/wp-content\/uploads\/2022\/03\/List-do-Biskupow.pdf\">List-do-Biskupow<\/a><a href=\"https:\/\/kapucynkiostrow.pl\/wp-content\/uploads\/2022\/03\/List-do-Biskupow.pdf\" class=\"wp-block-file__button wp-element-button\" download aria-describedby=\"wp-block-file--media-4feaf028-613f-44de-89c6-a6b974286b2e\">Pobierz<\/a><\/div>\n\n\n\n<div data-wp-interactive=\"core\/file\" class=\"wp-block-file\"><object data-wp-bind--hidden=\"!state.hasPdfPreview\" hidden class=\"wp-block-file__embed\" data=\"https:\/\/kapucynkiostrow.pl\/wp-content\/uploads\/2024\/01\/AKT-POSWIECENIA-NIEPOKALANEMU-SERCU-NAJSWIETSZEJ-MARYI-PANNY-25-marca-2022-r.-Francis.pdf\" type=\"application\/pdf\" style=\"width:100%;height:600px\" aria-label=\"Osadzone z AKT-POSWIECENIA-NIEPOKALANEMU-SERCU-NAJSWIETSZEJ-MARYI-PANNY-25-marca-2022-r.-Francis.\"><\/object><a id=\"wp-block-file--media-240833df-9548-4738-a9e8-96659f76968a\" href=\"https:\/\/kapucynkiostrow.pl\/wp-content\/uploads\/2024\/01\/AKT-POSWIECENIA-NIEPOKALANEMU-SERCU-NAJSWIETSZEJ-MARYI-PANNY-25-marca-2022-r.-Francis.pdf\">AKT-POSWIECENIA-NIEPOKALANEMU-SERCU-NAJSWIETSZEJ-MARYI-PANNY-25-marca-2022-r.-Francis<\/a><a href=\"https:\/\/kapucynkiostrow.pl\/wp-content\/uploads\/2024\/01\/AKT-POSWIECENIA-NIEPOKALANEMU-SERCU-NAJSWIETSZEJ-MARYI-PANNY-25-marca-2022-r.-Francis.pdf\" class=\"wp-block-file__button wp-element-button\" download aria-describedby=\"wp-block-file--media-240833df-9548-4738-a9e8-96659f76968a\">Pobierz<\/a><\/div>\n\n\n\n<div data-wp-interactive=\"core\/file\" class=\"wp-block-file\"><object data-wp-bind--hidden=\"!state.hasPdfPreview\" hidden class=\"wp-block-file__embed\" data=\"https:\/\/kapucynkiostrow.pl\/wp-content\/uploads\/2022\/03\/???-???????????-???????????-?????-?????-25-marzo-2022-Francis-ukr.pdf\" type=\"application\/pdf\" style=\"width:100%;height:200px\" aria-label=\"Osadzone z ???-???????????-???????????-?????-?????-25-marzo-2022-Francis-ukr.\"><\/object><a id=\"wp-block-file--media-8d037cf8-4c8b-481f-8956-e4eb6ece39e6\" href=\"https:\/\/kapucynkiostrow.pl\/wp-content\/uploads\/2022\/03\/???-???????????-???????????-?????-?????-25-marzo-2022-Francis-ukr.pdf\">???-???????????-???????????-?????-?????-25-marzo-2022-Francis-ukr<\/a><a href=\"https:\/\/kapucynkiostrow.pl\/wp-content\/uploads\/2022\/03\/???-???????????-???????????-?????-?????-25-marzo-2022-Francis-ukr.pdf\" class=\"wp-block-file__button wp-element-button\" download aria-describedby=\"wp-block-file--media-8d037cf8-4c8b-481f-8956-e4eb6ece39e6\">Pobierz<\/a><\/div>\n\n\n\n<div data-wp-interactive=\"core\/file\" class=\"wp-block-file\"><object data-wp-bind--hidden=\"!state.hasPdfPreview\" hidden class=\"wp-block-file__embed\" data=\"https:\/\/kapucynkiostrow.pl\/wp-content\/uploads\/2022\/03\/???-??????????-???????????-??????-?????-25-marzo-2022-Francis-rus.pdf\" type=\"application\/pdf\" style=\"width:100%;height:200px\" aria-label=\"Osadzone z ???-??????????-???????????-??????-?????-25-marzo-2022-Francis-rus.\"><\/object><a id=\"wp-block-file--media-90f537bd-a08d-4d80-a0c8-6c586af38bc1\" href=\"https:\/\/kapucynkiostrow.pl\/wp-content\/uploads\/2022\/03\/???-??????????-???????????-??????-?????-25-marzo-2022-Francis-rus.pdf\">???-??????????-???????????-??????-?????-25-marzo-2022-Francis-rus<\/a><a href=\"https:\/\/kapucynkiostrow.pl\/wp-content\/uploads\/2022\/03\/???-??????????-???????????-??????-?????-25-marzo-2022-Francis-rus.pdf\" class=\"wp-block-file__button wp-element-button\" download aria-describedby=\"wp-block-file--media-90f537bd-a08d-4d80-a0c8-6c586af38bc1\">Pobierz<\/a><\/div>\n\n\n\n<p class=\"has-text-align-center\">U nas w kaplicy rano<strong> o 7-mej <\/strong>zostanie odprawiona <strong>Msza \u015bw.<\/strong><br><strong>&#8222;w intencji pokoju w Ukrainie oraz w intencji nawr\u00f3cenia Rosji&#8221;<\/strong>,<br>po po\u0142udniu natomiast<br><strong>16:35<\/strong> II Nieszpory Uroczysto\u015bci Zwiastowania Pa\u0144skiego,<br><strong>17:15 <\/strong>Droga Krzy\u017cowa<br>a po niej <strong>AKT PO\u015aWI\u0118CENIA NIEPOKALANEMU SERCU NMP<\/strong>,<br>R\u00f3\u017caniec \u015bw.<\/p>\n\n\n\n<p class=\"has-text-align-center\">OTO ZAPROSZENIE OJCA \u015aW. FRANCISZKA:<\/p>\n\n\n\n<p class=\"has-text-align-center\"><strong>?Zapraszam wszystkie wsp\u00f3lnoty i ka\u017cdego wierz\u0105cego do przy\u0142\u0105czenia si\u0119 do mnie w pi\u0105tek, 25 marca, w uroczysto\u015b\u0107 Zwiastowania Naj\u015bwi\u0119tszej Maryi Panny, w dokonaniu uroczystego aktu po\u015bwi\u0119cenia ludzko\u015bci, a zw\u0142aszcza Rosji i Ukrainy, Niepokalanemu Sercu Maryi, aby Ona, Kr\u00f3lowa Pokoju, wyjedna\u0142a \u015bwiatu pok\u00f3j.?<\/strong><\/p>\n\n\n\n<figure class=\"wp-block-image aligncenter size-full\"><a href=\"https:\/\/www.vatican.va\/content\/francesco\/it\/events\/day.dir.html\/2022\/3\/25.html\" target=\"_blank\" rel=\"noopener\"><img decoding=\"async\" width=\"600\" height=\"314\" src=\"https:\/\/kapucynkiostrow.pl\/wp-content\/uploads\/2022\/03\/rozaniec2022.jpg\" alt=\"\" class=\"wp-image-1721\" srcset=\"https:\/\/kapucynkiostrow.pl\/wp-content\/uploads\/2022\/03\/rozaniec2022.jpg 600w, https:\/\/kapucynkiostrow.pl\/wp-content\/uploads\/2022\/03\/rozaniec2022-300x157.jpg 300w\" sizes=\"(max-width: 600px) 100vw, 600px\" \/><\/a><\/figure>\n\n\n\n<h6 class=\"wp-block-heading has-text-align-center\">APEL PRZEWODNICZ\u0104CEGO KONFERENCJI EPISKOPATU POLSKI W ZWI\u0104ZKU Z PRO\u015aB\u0104 OJCA \u015aWI\u0118TEGO FRANCISZKA<\/h6>\n\n\n\n<p class=\"has-text-align-center\">&nbsp;W&nbsp;zwi\u0105zku z&nbsp;trwaj\u0105c\u0105 agresj\u0105 zbrojn\u0105 Rosji w&nbsp;Ukrainie, dnia 25 marca br., w&nbsp;Uroczysto\u015b\u0107 Zwiastowania Pa\u0144skiego, Ojciec \u015awi\u0119ty Franciszek dokona Aktu Po\u015bwi\u0119cenia Rosji i&nbsp;Ukrainy Niepokalanemu Sercu Maryi. Jednocze\u015bnie Papie\u017c prosi, aby pasterze i&nbsp;wierni na ca\u0142ym \u015bwiecie trwali w&nbsp;tym samym czasie zjednoczeni na modlitwie, pod przewodnictwem Biskupa Rzymu.&nbsp;<\/p>\n\n\n\n<p class=\"has-text-align-center\">Ko\u015bci\u00f3\u0142 w&nbsp;Polsce pragnie odpowiedzie\u0107 na to papieskie wezwanie, dlatego zwracam si\u0119 z&nbsp;apelem do wszystkich ksi\u0119\u017cy biskup\u00f3w, kap\u0142an\u00f3w, os\u00f3b \u017cycia konsekrowanego i&nbsp;wszystkich wiernych, aby tego dnia we wszystkich katedrach i&nbsp;ko\u015bcio\u0142ach w&nbsp;Polsce o&nbsp;godz. 17:00, w&nbsp;jedno\u015bci z&nbsp;Nast\u0119pc\u0105 \u015awi\u0119tego Piotra, wznie\u015b\u0107 modlitwy do Boga, odmawiaj\u0105c Akt Po\u015bwiecenia Rosji i&nbsp;Ukrainy Niepokalanemu Sercu Maryi. Prosz\u0119 r\u00f3wnie\u017c, by tego dnia odprawi\u0107 Eucharysti\u0119 w&nbsp;intencji pokoju w&nbsp;Ukrainie oraz w&nbsp;intencji nawr\u00f3cenia Rosji.&nbsp;<\/p>\n\n\n\n<p class=\"has-text-align-center\">Powierzaj\u0105c Dobremu Bogu spraw\u0119 pokoju w&nbsp;\u015bwiecie, z&nbsp;serca wszystkim b\u0142ogos\u0142awi\u0119, w&nbsp;imi\u0119 Ojca i&nbsp;Syna i&nbsp;Ducha \u015awi\u0119tego.&nbsp;<\/p>\n\n\n\n<p class=\"has-text-align-center\"><strong>Stanis\u0142aw G\u0105decki<\/strong><\/p>\n\n\n\n<p class=\"has-text-align-center\"><em>Arcybiskup Metropolita Pozna\u0144ski&nbsp;<\/em><\/p>\n\n\n\n<p class=\"has-text-align-center\"><em>Przewodnicz\u0105cy Konferencji Episkopatu Polski&nbsp;<\/em><\/p>\n","protected":false},"excerpt":{"rendered":"<p>Ju\u017c w najbli\u017cszy pi\u0105tek w Uroczysto\u015b\u0107 Zwiastowania Pa\u0144skiego o 17-tej UROCZYSTE ODDANIE Niepokalanemu Sercu Maryi ludzko\u015bci, a zw\u0142aszcza Rosji i Ukrainy. Jeste\u015bmy wszyscy zaproszeni do wsp\u00f3\u0142uczestnictwa w tym wielkim wydarzeniu!<\/p>\n","protected":false},"author":1,"featured_media":1724,"comment_status":"closed","ping_status":"open","sticky":false,"template":"","format":"standard","meta":{"_monsterinsights_skip_tracking":false,"_monsterinsights_sitenote_active":false,"_monsterinsights_sitenote_note":"","_monsterinsights_sitenote_category":0,"site-sidebar-layout":"default","site-content-layout":"","ast-site-content-layout":"default","site-content-style":"default","site-sidebar-style":"default","ast-global-header-display":"","ast-banner-title-visibility":"","ast-main-header-display":"","ast-hfb-above-header-display":"","ast-hfb-below-header-display":"","ast-hfb-mobile-header-display":"","site-post-title":"","ast-breadcrumbs-content":"","ast-featured-img":"","footer-sml-layout":"","ast-disable-related-posts":"","theme-transparent-header-meta":"","adv-header-id-meta":"","stick-header-meta":"","header-above-stick-meta":"","header-main-stick-meta":"","header-below-stick-meta":"","astra-migrate-meta-layouts":"default","ast-page-background-enabled":"default","ast-page-background-meta":{"desktop":{"background-color":"var(--ast-global-color-5)","background-image":"","background-repeat":"repeat","background-position":"center center","background-size":"auto","background-attachment":"scroll","background-type":"","background-media":"","overlay-type":"","overlay-color":"","overlay-opacity":"","overlay-gradient":""},"tablet":{"background-color":"","background-image":"","background-repeat":"repeat","background-position":"center center","background-size":"auto","background-attachment":"scroll","background-type":"","background-media":"","overlay-type":"","overlay-color":"","overlay-opacity":"","overlay-gradient":""},"mobile":{"background-color":"","background-image":"","background-repeat":"repeat","background-position":"center center","background-size":"auto","background-attachment":"scroll","background-type":"","background-media":"","overlay-type":"","overlay-color":"","overlay-opacity":"","overlay-gradient":""}},"ast-content-background-meta":{"desktop":{"background-color":"var(--ast-global-color-4)","background-image":"","background-repeat":"repeat","background-position":"center center","background-size":"auto","background-attachment":"scroll","background-type":"","background-media":"","overlay-type":"","overlay-color":"","overlay-opacity":"","overlay-gradient":""},"tablet":{"background-color":"var(--ast-global-color-4)","background-image":"","background-repeat":"repeat","background-position":"center center","background-size":"auto","background-attachment":"scroll","background-type":"","background-media":"","overlay-type":"","overlay-color":"","overlay-opacity":"","overlay-gradient":""},"mobile":{"background-color":"var(--ast-global-color-4)","background-image":"","background-repeat":"repeat","background-position":"center center","background-size":"auto","background-attachment":"scroll","background-type":"","background-media":"","overlay-type":"","overlay-color":"","overlay-opacity":"","overlay-gradient":""}},"ngg_post_thumbnail":0,"footnotes":""},"categories":[2],"tags":[],"class_list":["post-1718","post","type-post","status-publish","format-standard","has-post-thumbnail","hentry","category-wiadomosci"],"_links":{"self":[{"href":"https:\/\/kapucynkiostrow.pl\/index.php\/wp-json\/wp\/v2\/posts\/1718","targetHints":{"allow":["GET"]}}],"collection":[{"href":"https:\/\/kapucynkiostrow.pl\/index.php\/wp-json\/wp\/v2\/posts"}],"about":[{"href":"https:\/\/kapucynkiostrow.pl\/index.php\/wp-json\/wp\/v2\/types\/post"}],"author":[{"embeddable":true,"href":"https:\/\/kapucynkiostrow.pl\/index.php\/wp-json\/wp\/v2\/users\/1"}],"replies":[{"embeddable":true,"href":"https:\/\/kapucynkiostrow.pl\/index.php\/wp-json\/wp\/v2\/comments?post=1718"}],"version-history":[{"count":21,"href":"https:\/\/kapucynkiostrow.pl\/index.php\/wp-json\/wp\/v2\/posts\/1718\/revisions"}],"predecessor-version":[{"id":2374,"href":"https:\/\/kapucynkiostrow.pl\/index.php\/wp-json\/wp\/v2\/posts\/1718\/revisions\/2374"}],"wp:featuredmedia":[{"embeddable":true,"href":"https:\/\/kapucynkiostrow.pl\/index.php\/wp-json\/wp\/v2\/media\/1724"}],"wp:attachment":[{"href":"https:\/\/kapucynkiostrow.pl\/index.php\/wp-json\/wp\/v2\/media?parent=1718"}],"wp:term":[{"taxonomy":"category","embeddable":true,"href":"https:\/\/kapucynkiostrow.pl\/index.php\/wp-json\/wp\/v2\/categories?post=1718"},{"taxonomy":"post_tag","embeddable":true,"href":"https:\/\/kapucynkiostrow.pl\/index.php\/wp-json\/wp\/v2\/tags?post=1718"}],"curies":[{"name":"wp","href":"https:\/\/api.w.org\/{rel}","templated":true}]}}